{"id":2645,"global_id":"www.ernestpianotrio.com\/en\/?id=2645","global_id_lineage":["www.ernestpianotrio.com\/en\/?id=2645"],"author":"3","status":"publish","date":"2025-04-15 12:48:18","date_utc":"2025-04-15 10:48:18","modified":"2025-04-15 12:48:18","modified_utc":"2025-04-15 10:48:18","url":"https:\/\/www.ernestpianotrio.com\/en\/concert\/summer-in-the-city\/","rest_url":"https:\/\/www.ernestpianotrio.com\/en\/wp-json\/tribe\/events\/v1\/events\/2645","title":"Summer in the City!","description":"","excerpt":"","slug":"summer-in-the-city","image":{"url":"https:\/\/www.ernestpianotrio.com\/wp-content\/uploads\/2025\/04\/cite-du-mot.jpg","id":2639,"extension":"jpg","width":1024,"height":666,"filesize":111385,"sizes":{"medium":{"width":300,"height":195,"mime-type":"image\/jpeg","filesize":11874,"url":"https:\/\/www.ernestpianotrio.com\/wp-content\/uploads\/2025\/04\/cite-du-mot-300x195.jpg"},"thumbnail":{"width":150,"height":150,"mime-type":"image\/jpeg","filesize":5160,"url":"https:\/\/www.ernestpianotrio.com\/wp-content\/uploads\/2025\/04\/cite-du-mot-150x150.jpg"},"medium_large":{"width":768,"height":500,"mime-type":"image\/jpeg","filesize":60915,"url":"https:\/\/www.ernestpianotrio.com\/wp-content\/uploads\/2025\/04\/cite-du-mot-768x500.jpg"},"dp-ocp-square-thumb":{"width":400,"height":400,"mime-type":"image\/jpeg","filesize":25708,"url":"https:\/\/www.ernestpianotrio.com\/wp-content\/uploads\/2025\/04\/cite-du-mot-400x400.jpg"},"et-pb-post-main-image":{"width":400,"height":250,"mime-type":"image\/jpeg","filesize":18857,"url":"https:\/\/www.ernestpianotrio.com\/wp-content\/uploads\/2025\/04\/cite-du-mot-400x250.jpg"},"et-pb-portfolio-image":{"width":400,"height":284,"mime-type":"image\/jpeg","filesize":20417,"url":"https:\/\/www.ernestpianotrio.com\/wp-content\/uploads\/2025\/04\/cite-du-mot-400x284.jpg"},"et-pb-portfolio-module-image":{"width":510,"height":382,"mime-type":"image\/jpeg","filesize":32597,"url":"https:\/\/www.ernestpianotrio.com\/wp-content\/uploads\/2025\/04\/cite-du-mot-510x382.jpg"},"et-pb-gallery-module-image-portrait":{"width":400,"height":516,"mime-type":"image\/jpeg","filesize":31902,"url":"https:\/\/www.ernestpianotrio.com\/wp-content\/uploads\/2025\/04\/cite-du-mot-400x516.jpg"},"et-pb-image--responsive--tablet":{"width":980,"height":637,"mime-type":"image\/jpeg","filesize":93375,"url":"https:\/\/www.ernestpianotrio.com\/wp-content\/uploads\/2025\/04\/cite-du-mot-980x637.jpg"},"et-pb-image--responsive--phone":{"width":480,"height":312,"mime-type":"image\/jpeg","filesize":26248,"url":"https:\/\/www.ernestpianotrio.com\/wp-content\/uploads\/2025\/04\/cite-du-mot-480x312.jpg"}}},"all_day":true,"start_date":"2025-08-30 00:00:00","start_date_details":{"year":"2025","month":"08","day":"30","hour":"00","minutes":"00","seconds":"00"},"end_date":"2025-08-30 23:59:59","end_date_details":{"year":"2025","month":"08","day":"30","hour":"23","minutes":"59","seconds":"59"},"utc_start_date":"2025-08-29 22:00:00","utc_start_date_details":{"year":"2025","month":"08","day":"29","hour":"22","minutes":"00","seconds":"00"},"utc_end_date":"2025-08-30 21:59:59","utc_end_date_details":{"year":"2025","month":"08","day":"30","hour":"21","minutes":"59","seconds":"59"},"timezone":"Europe\/Paris","timezone_abbr":"CEST","cost":"","cost_details":{"currency_symbol":"Fr","currency_code":"","currency_position":"","values":[]},"website":"https:\/\/citedumot.fr\/","show_map":true,"show_map_link":true,"hide_from_listings":false,"sticky":false,"featured":false,"categories":[],"tags":[],"venue":{"id":2644,"author":"3","status":"publish","date":"2025-04-15 12:48:18","date_utc":"2025-04-15 10:48:18","modified":"2025-04-15 12:48:18","modified_utc":"2025-04-15 10:48:18","url":"https:\/\/www.ernestpianotrio.com\/en\/venue\/cite-du-mot\/","venue":"Cit\u00e9 du Mot","slug":"cite-du-mot","address":"8 cour du Ch\u00e2teau","city":"La Charit\u00e9-sur-Loire","zip":"58400","json_ld":{"@type":"Place","name":"Cit\u00e9 du Mot","description":"","url":"","address":{"@type":"PostalAddress","streetAddress":"8 cour du Ch\u00e2teau","addressLocality":"La Charit\u00e9-sur-Loire","postalCode":"58400"},"telephone":"","sameAs":""},"show_map":false,"show_map_link":false,"global_id":"www.ernestpianotrio.com\/en\/?id=2644","global_id_lineage":["www.ernestpianotrio.com\/en\/?id=2644"]},"organizer":[],"json_ld":{"@context":"http:\/\/schema.org","@type":"Event","name":"Summer in the City!","description":"","image":"https:\/\/www.ernestpianotrio.com\/wp-content\/uploads\/2025\/04\/cite-du-mot.jpg","url":"https:\/\/www.ernestpianotrio.com\/en\/concert\/summer-in-the-city\/","eventAttendanceMode":"https:\/\/schema.org\/OfflineEventAttendanceMode","eventStatus":"https:\/\/schema.org\/EventScheduled","startDate":"2025-08-30T00:00:00+02:00","endDate":"2025-08-30T23:59:59+02:00","location":{"@type":"Place","name":"Cit\u00e9 du Mot","description":"","url":"","address":{"@type":"PostalAddress","streetAddress":"8 cour du Ch\u00e2teau","addressLocality":"La Charit\u00e9-sur-Loire","postalCode":"58400"},"telephone":"","sameAs":""},"performer":"Organization"}}